{"id":1083,"date":"2011-06-17T12:02:26","date_gmt":"2011-06-17T10:02:26","guid":{"rendered":"http:\/\/www.fs2.rwth-aachen.de\/?p=1083"},"modified":"2011-06-17T12:02:26","modified_gmt":"2011-06-17T10:02:26","slug":"asta-ladt-ein-festival-contre-le-racisme","status":"publish","type":"post","link":"https:\/\/fachschaft.arch.rwth-aachen.de\/?p=1083","title":{"rendered":"AStA l\u00e4dt ein: &#8222;festival contre le racisme&#8220;"},"content":{"rendered":"<p><a rel=\"attachment wp-att-1084\" href=\"http:\/\/www.fs2.rwth-aachen.de\/?attachment_id=1084\"><img decoding=\"async\" class=\"alignleft size-medium wp-image-1084\" title=\"fclrPlakat\" src=\"http:\/\/www.fs2.rwth-aachen.de\/wp-content\/fclrPlakat-216x300.jpg\" alt=\"\" width=\"216\" height=\"300\" \/><\/a>Liebe Studierende,<\/p>\n<p>vom 20. bis zum 25. Juni richten die Aachener ASten das &#8222;festival contre le racisme&#8220; aus. Im Rahmen dieser Woche findet an jeder Hochschule ein oder mehrere Veranstaltungen \/ Aktionen statt.<\/p>\n<p>W\u00e4hrend dieses Festivals werden verschiedene Veranstaltungen, wie  Vortr\u00e4ge und Filmvorf\u00fchrungen zum Thema Fremdenfeindlichkeit und  Integration stattfinden.<\/p>\n<p>Wir k\u00f6nnen euch diese Veranstaltung nur w\u00e4rmstens ans Herz legen und hoffen ihr kommt alle!<\/p>\n<p>Mehr Informationen findet ihr unter -&gt; Projekte \/ Veranstaltungen -&gt; Veranstaltungen -&gt; <a title=\"Hochschule\" href=\"http:\/\/www.fs2.rwth-aachen.de\/?page_id=593\">Hochschule<\/a><\/p>\n","protected":false},"excerpt":{"rendered":"<p>Liebe Studierende, vom 20. bis zum 25. Juni richten die Aachener ASten das &#8222;festival contre le racisme&#8220; aus. Im Rahmen dieser Woche findet an jeder Hochschule ein oder mehrere Veranstaltungen \/ Aktionen statt. W\u00e4hrend dieses Festivals werden verschiedene Veranstaltungen, wie Vortr\u00e4ge und Filmvorf\u00fchrungen zum Thema Fremdenfeindlichkeit und Integration stattfinden. Wir k\u00f6nnen euch diese Veranstaltung nur  [&#8230;]<\/p>\n","protected":false},"author":1,"featured_media":0,"comment_status":"open","ping_status":"closed","sticky":false,"template":"","format":"standard","meta":{"footnotes":""},"categories":[45],"tags":[68,69,70,71,72,73],"class_list":["post-1083","post","type-post","status-publish","format-standard","hentry","category-events","tag-asta","tag-festival-contre-le-racisme","tag-film","tag-integration","tag-unifestival","tag-vortrage"],"_links":{"self":[{"href":"https:\/\/fachschaft.arch.rwth-aachen.de\/index.php?rest_route=\/wp\/v2\/posts\/1083","targetHints":{"allow":["GET"]}}],"collection":[{"href":"https:\/\/fachschaft.arch.rwth-aachen.de\/index.php?rest_route=\/wp\/v2\/posts"}],"about":[{"href":"https:\/\/fachschaft.arch.rwth-aachen.de\/index.php?rest_route=\/wp\/v2\/types\/post"}],"author":[{"embeddable":true,"href":"https:\/\/fachschaft.arch.rwth-aachen.de\/index.php?rest_route=\/wp\/v2\/users\/1"}],"replies":[{"embeddable":true,"href":"https:\/\/fachschaft.arch.rwth-aachen.de\/index.php?rest_route=%2Fwp%2Fv2%2Fcomments&post=1083"}],"version-history":[{"count":0,"href":"https:\/\/fachschaft.arch.rwth-aachen.de\/index.php?rest_route=\/wp\/v2\/posts\/1083\/revisions"}],"wp:attachment":[{"href":"https:\/\/fachschaft.arch.rwth-aachen.de\/index.php?rest_route=%2Fwp%2Fv2%2Fmedia&parent=1083"}],"wp:term":[{"taxonomy":"category","embeddable":true,"href":"https:\/\/fachschaft.arch.rwth-aachen.de\/index.php?rest_route=%2Fwp%2Fv2%2Fcategories&post=1083"},{"taxonomy":"post_tag","embeddable":true,"href":"https:\/\/fachschaft.arch.rwth-aachen.de\/index.php?rest_route=%2Fwp%2Fv2%2Ftags&post=1083"}],"curies":[{"name":"wp","href":"https:\/\/api.w.org\/{rel}","templated":true}]}}