{"id":3342,"date":"2016-05-05T12:52:10","date_gmt":"2016-05-05T11:52:10","guid":{"rendered":"http:\/\/www.fs2.rwth-aachen.de\/?p=3342"},"modified":"2016-05-05T12:52:10","modified_gmt":"2016-05-05T11:52:10","slug":"lehrpreisvergabe-der-vollversammlung-2016","status":"publish","type":"post","link":"https:\/\/fachschaft.arch.rwth-aachen.de\/?p=3342","title":{"rendered":"Reiff f\u00fcr Film, Wire Chair und Architekturschulen erhalten Lehrpreis f\u00fcr WiSe 15\/16!"},"content":{"rendered":"<p><img decoding=\"async\" class=\"aligncenter size-full wp-image-3341\" src=\"http:\/\/www.fs2.rwth-aachen.de\/wp-content\/Zusammenschnitt.jpg\" alt=\"Zusammenschnitt\" width=\"1400\" height=\"483\" \/><\/p>\n<p>V.l.: Aryan Mirfendereski, Michael Staack und Alexander Markschies<\/p>\n<hr \/>\n<p>Der Lehrpreis des Wintersemester 2015\/16 geht an\u00a0<span style=\"text-decoration: underline;\"><strong>Reiff f\u00fcr Film<\/strong><\/span>\u00a0von CAAD. Auf Platz zwei steht\u00a0das\u00a0Seminar\u00a0<span style=\"text-decoration: underline;\"><strong>Wire Chair<\/strong><\/span> vom Lehrstuhl f\u00fcr Plastik gefolgt vom dritten Platz belegt von Kunstgeschichte und Architekturtheorie mit\u00a0<span style=\"text-decoration: underline;\"><strong>Architekturschulen<\/strong><\/span>.<\/p>\n<p>Die insgesamt 5.000 \u20ac verteilen sich mit 3.000 \u20ac auf den ersten und jeweils 1.000 \u20ac auf den zweiten und dritten Platz. Der\u00a0Preis wird jedes Semester vergeben und darf ausschlie\u00dflich f\u00fcr Lehrzwecke eingesetzt werden. Insgesamt gingen \u00fcber ein Dutzend Nominierungen ein, unten\u00a0eine Liste mit allen die zur Wahl standen. Besonderen Dank an <span style=\"text-decoration: underline;\">CAAD,\u00a0Werkzeugkulturen und\u00a0St\u00e4dtebau<\/span>, die insgesamt 10 Nominierungen bekommen haben!<\/p>\n<p><strong>Herzlichen Dank f\u00fcr Ihren Einsatz f\u00fcr gute Lehre am Reiff!<\/strong><\/p>\n<p><img decoding=\"async\" class=\"aligncenter size-full wp-image-3357\" src=\"http:\/\/www.fs2.rwth-aachen.de\/wp-content\/dd.jpg\" alt=\"dd\" width=\"5098\" height=\"3657\" \/><\/p>\n","protected":false},"excerpt":{"rendered":"<p>V.l.: Aryan Mirfendereski, Michael Staack und Alexander Markschies Der Lehrpreis des Wintersemester 2015\/16 geht an\u00a0Reiff f\u00fcr Film\u00a0von CAAD. Auf Platz zwei steht\u00a0das\u00a0Seminar\u00a0Wire Chair vom Lehrstuhl f\u00fcr Plastik gefolgt vom dritten Platz belegt von Kunstgeschichte und Architekturtheorie mit\u00a0Architekturschulen. Die insgesamt 5.000 \u20ac verteilen sich mit 3.000 \u20ac auf den ersten und jeweils 1.000 \u20ac auf den  [&#8230;]<\/p>\n","protected":false},"author":3,"featured_media":0,"comment_status":"open","ping_status":"open","sticky":false,"template":"","format":"standard","meta":{"footnotes":""},"categories":[29],"tags":[],"class_list":["post-3342","post","type-post","status-publish","format-standard","hentry","category-uncategorized"],"_links":{"self":[{"href":"https:\/\/fachschaft.arch.rwth-aachen.de\/index.php?rest_route=\/wp\/v2\/posts\/3342","targetHints":{"allow":["GET"]}}],"collection":[{"href":"https:\/\/fachschaft.arch.rwth-aachen.de\/index.php?rest_route=\/wp\/v2\/posts"}],"about":[{"href":"https:\/\/fachschaft.arch.rwth-aachen.de\/index.php?rest_route=\/wp\/v2\/types\/post"}],"author":[{"embeddable":true,"href":"https:\/\/fachschaft.arch.rwth-aachen.de\/index.php?rest_route=\/wp\/v2\/users\/3"}],"replies":[{"embeddable":true,"href":"https:\/\/fachschaft.arch.rwth-aachen.de\/index.php?rest_route=%2Fwp%2Fv2%2Fcomments&post=3342"}],"version-history":[{"count":0,"href":"https:\/\/fachschaft.arch.rwth-aachen.de\/index.php?rest_route=\/wp\/v2\/posts\/3342\/revisions"}],"wp:attachment":[{"href":"https:\/\/fachschaft.arch.rwth-aachen.de\/index.php?rest_route=%2Fwp%2Fv2%2Fmedia&parent=3342"}],"wp:term":[{"taxonomy":"category","embeddable":true,"href":"https:\/\/fachschaft.arch.rwth-aachen.de\/index.php?rest_route=%2Fwp%2Fv2%2Fcategories&post=3342"},{"taxonomy":"post_tag","embeddable":true,"href":"https:\/\/fachschaft.arch.rwth-aachen.de\/index.php?rest_route=%2Fwp%2Fv2%2Ftags&post=3342"}],"curies":[{"name":"wp","href":"https:\/\/api.w.org\/{rel}","templated":true}]}}