{"id":3396,"date":"2016-05-29T17:59:43","date_gmt":"2016-05-29T16:59:43","guid":{"rendered":"http:\/\/www.fs2.rwth-aachen.de\/?p=3396"},"modified":"2016-05-29T17:59:43","modified_gmt":"2016-05-29T16:59:43","slug":"groesste-architekturmesse-in-venedig-biennale","status":"publish","type":"post","link":"https:\/\/fachschaft.arch.rwth-aachen.de\/?p=3396","title":{"rendered":"Gr\u00f6\u00dfte Architekturmesse in Venedig &#8211; Biennale"},"content":{"rendered":"<p><img decoding=\"async\" class=\"aligncenter size-full wp-image-3397\" src=\"http:\/\/www.fs2.rwth-aachen.de\/wp-content\/OBDIYRRXHJ30240.jpg\" alt=\"OBDIYRRXHJ30240\" width=\"961\" height=\"265\" \/><\/p>\n<p>&nbsp;<\/p>\n<p>Alle zwei Jahre findet in Italien die gr\u00f6\u00dfte Messe f\u00fcr Architektur statt. La Biennale di Venezia behandelt verschiedenste Themen: Kunst, Musik, Theater, &#8230; und Architektur.<\/p>\n<p>Sie l\u00e4uft vom <strong>28.05 &#8211; 27.11. dieses Jahres mit dem Titel &#8218;Reporting from the Front&#8216;.<\/strong><\/p>\n<p><a href=\"http:\/\/www.labiennale.org\/en\/architecture\/index.html\">Biennale in Venedig, hier mehr Infos.<\/a><\/p>\n","protected":false},"excerpt":{"rendered":"<p>&nbsp; Alle zwei Jahre findet in Italien die gr\u00f6\u00dfte Messe f\u00fcr Architektur statt. La Biennale di Venezia behandelt verschiedenste Themen: Kunst, Musik, Theater, &#8230; und Architektur. Sie l\u00e4uft vom 28.05 &#8211; 27.11. dieses Jahres mit dem Titel &#8218;Reporting from the Front&#8216;. Biennale in Venedig, hier mehr Infos.<\/p>\n","protected":false},"author":3,"featured_media":0,"comment_status":"open","ping_status":"open","sticky":false,"template":"","format":"standard","meta":{"footnotes":""},"categories":[29],"tags":[],"class_list":["post-3396","post","type-post","status-publish","format-standard","hentry","category-uncategorized"],"_links":{"self":[{"href":"https:\/\/fachschaft.arch.rwth-aachen.de\/index.php?rest_route=\/wp\/v2\/posts\/3396","targetHints":{"allow":["GET"]}}],"collection":[{"href":"https:\/\/fachschaft.arch.rwth-aachen.de\/index.php?rest_route=\/wp\/v2\/posts"}],"about":[{"href":"https:\/\/fachschaft.arch.rwth-aachen.de\/index.php?rest_route=\/wp\/v2\/types\/post"}],"author":[{"embeddable":true,"href":"https:\/\/fachschaft.arch.rwth-aachen.de\/index.php?rest_route=\/wp\/v2\/users\/3"}],"replies":[{"embeddable":true,"href":"https:\/\/fachschaft.arch.rwth-aachen.de\/index.php?rest_route=%2Fwp%2Fv2%2Fcomments&post=3396"}],"version-history":[{"count":0,"href":"https:\/\/fachschaft.arch.rwth-aachen.de\/index.php?rest_route=\/wp\/v2\/posts\/3396\/revisions"}],"wp:attachment":[{"href":"https:\/\/fachschaft.arch.rwth-aachen.de\/index.php?rest_route=%2Fwp%2Fv2%2Fmedia&parent=3396"}],"wp:term":[{"taxonomy":"category","embeddable":true,"href":"https:\/\/fachschaft.arch.rwth-aachen.de\/index.php?rest_route=%2Fwp%2Fv2%2Fcategories&post=3396"},{"taxonomy":"post_tag","embeddable":true,"href":"https:\/\/fachschaft.arch.rwth-aachen.de\/index.php?rest_route=%2Fwp%2Fv2%2Ftags&post=3396"}],"curies":[{"name":"wp","href":"https:\/\/api.w.org\/{rel}","templated":true}]}}