{"id":3630,"date":"2016-10-30T15:48:05","date_gmt":"2016-10-30T14:48:05","guid":{"rendered":"http:\/\/www.fs2.rwth-aachen.de\/?p=3630"},"modified":"2016-10-30T15:48:05","modified_gmt":"2016-10-30T14:48:05","slug":"expo-astana-2017-jetzt-plaetze-sichern","status":"publish","type":"post","link":"https:\/\/fachschaft.arch.rwth-aachen.de\/?p=3630","title":{"rendered":"EXPO Astana 2017 \u2013 Jetzt Pl\u00e4tze sichern"},"content":{"rendered":"<p class=\"p2\"><img decoding=\"async\" class=\"aligncenter size-full wp-image-3631\" src=\"http:\/\/www.fs2.rwth-aachen.de\/wp-content\/DAB_Anku\u0308ndigung_sommerexkursion_3_Auslage-1-Kopie.jpg\" alt=\"dab_anku%cc%88ndigung_sommerexkursion_3_auslage-1-kopie\" width=\"2107\" height=\"1026\" \/><\/p>\n<p class=\"p2\">\n<p class=\"p2\"><b>Sommerexkursion der Stiftung Deutscher Architekten <\/b><\/p>\n<p class=\"p2\">Die Auseinandersetzung mit zeitgen\u00f6ssischer Architektur in Kasachstan wirft unweigerlich Fragen auf: Welchen Beitrag kann ein junger Staat mit urspr\u00fcnglich nomadischer Kultur zur Architekturgeschichte des 21. Jahrhunderts leisten? Wie kann der Prototyp einer kasachischen Stadt aussehen, wenn vorherige Generationen kaum bauliche Relikte hinterlassen haben. Vom 10. Juni 2017 bis zum 10. September 2017 wird Astana Gastgeber der Weltausstellung unter dem Motto \u201eEnergie der Zukunft: Ma\u00dfnahmen f\u00fcr weltweite Nachhaltigkeit\u201c sein. Damit ergibt sich 20 Jahre nach der Ernennung zur Hauptstadt der Republik Kasachstan die Gelegenheit, der internationalen Gemeinschaft die kasachische Interpretation einer Stadt des 21. Jahrhunderts zu pr\u00e4sentieren.<\/p>\n<p class=\"p2\">Die Auseinandersetzung mit der Architektur Kasachstans bietet aber auch die Gelegenheit, einen genaueren Blick auf ein nach wie vor weitgehend unbekanntes Kapitel der Architekturgeschichte zwischen 1960 und 1990 zu werfen, die unter der Bezeichnung Sowjetmoderne Einzug in die Baugeschichtsb\u00fccher h\u00e4lt.<\/p>\n<p class=\"p2\"><b>Sommerexkursion 2017 <\/b><\/p>\n<p class=\"p2\">In Zusammenarbeit mit der Agentur Poppe Reisen veranstaltet die Stiftung Deutscher Architekten vom 21.- 25. Juni 2017 eine Sommerexkursion nach Astana zur EXPO 2017. Im Rahmen der Exkursion lernen die Absolventinnen und Absolventen nicht nur die Weltausstellung unter der fachlichen Begleitung von Architekt Dr. Thomas Schriefers kennen, sondern ihnen werden auch die architektonischen Highlights und die Besonderheiten der eurasischen Stadt durch einen Stadtrundgang mit dem Architekten und Verleger Dr. Philipp Meuser nahegebracht. Dr. Meuser wird eine zeitkritische Analyse zur Architektur und Hauptstadtplanung der jungen kasachischen Metropole im Zentrum Eurasiens geben.<\/p>\n<p class=\"p2\">Ein Ausflug in die kaukasische Steppe wird die unterschiedlichen Geschwindigkeiten in der Entwicklung des Landes aufzeigen.<\/p>\n<p class=\"p2\"><b>Nachwuchsf\u00f6rderung der Stiftung Deutscher Architekten <\/b><\/p>\n<p class=\"p2\">Zur Nachwuchsf\u00f6rderung sponsert die Stiftung Deutscher Architekten diese Reise. Als Absolventin oder Absolvent haben Sie die Chance, f\u00fcr eine Zuzahlung ab nur 170,00 \u20ac pro Person an der Reise teilzunehmen. Im genannten Zuzahlungspreis sind Anreise und Unterbringung im Hotel sowie der Eintritt auf das EXPO-Gel\u00e4nde, F\u00fchrungen und Rundg\u00e4nge enthalten.<\/p>\n<p class=\"p2\"><b>Anmeldeschluss f\u00fcr die Reise ist der 25. November 2016! <\/b><\/p>\n<p class=\"p2\"><b>Ihre Chance zur Teilnahme: <\/b><\/p>\n<p class=\"p3\">Mit der Reise nach Astana f\u00f6rdert die Stiftung Deutscher Architekten Absolventinnen und Absolventen der Fachrichtungen Architektur, Innenarchitektur, Landschaftsarchitektur und Stadtplanung einer nordrhein-westf\u00e4lischen Hochschule, die bei Reiseantritt nicht \u00e4lter als 32 Jahre sind.<\/p>\n<p class=\"p3\">An der Reise teilnehmen k\u00f6nnen Sie als Absolventin oder als Absolvent der o. g. Fachrichtungen, wenn Sie mit Ausnahme der beruflichen Praxis und der postgradualen Weiterbildung die Voraussetzungen zur Eintragung in die Architektenkammer Nordrhein-Westfalen erf\u00fcllen.<\/p>\n<p class=\"p3\"><b>Aufgabe der Teilnehmer: <\/b><\/p>\n<p class=\"p3\">Die Reise wird im Rahmen eines \u201eReiseskizzenbuch\u201c dokumentiert. Dazu erwarten wir von Ihnen, w\u00e4hrend der Reise f\u00fcr diese Dokumentation Materialien in Form von Fotos, Handskizzen, Collagen und kleinen Texten zu erstellen und der Stiftung Deutscher Architekten zur Verf\u00fcgung zu stellen. Es werden alle Beteiligten als Autoren genannt.<\/p>\n<p class=\"p3\"><b>Bitte bewerben Sie sich nur, wenn Sie diese Aufgabe erf\u00fcllen wollen. <\/b><\/p>\n<p class=\"p3\"><b>Weitere Informationen zum Reiseablauf finden Sie im Flyer des Reiseveranstalter POPPE &amp; CO auf unserer Website unter http:\/\/www.stiftung-deutscher-architekten.de\/ <\/b><\/p>\n<p class=\"p3\"><b>Ihre Bewerbung richten Sie bitte an die Stiftung Deutscher Architekten, <\/b><\/p>\n<p class=\"p3\"><b>Frau Vera Anton-Lappeneit Tel. 0211 496742 oder per Mail an lappeneit@aknw.de <\/b><\/p>\n","protected":false},"excerpt":{"rendered":"<p>Sommerexkursion der Stiftung Deutscher Architekten Die Auseinandersetzung mit zeitgen\u00f6ssischer Architektur in Kasachstan wirft unweigerlich Fragen auf: Welchen Beitrag kann ein junger Staat mit urspr\u00fcnglich nomadischer Kultur zur Architekturgeschichte des 21. Jahrhunderts leisten? Wie kann der Prototyp einer kasachischen Stadt aussehen, wenn vorherige Generationen kaum bauliche Relikte hinterlassen haben. Vom 10. Juni 2017 bis zum 10.  [&#8230;]<\/p>\n","protected":false},"author":3,"featured_media":0,"comment_status":"open","ping_status":"open","sticky":false,"template":"","format":"standard","meta":{"footnotes":""},"categories":[29],"tags":[],"class_list":["post-3630","post","type-post","status-publish","format-standard","hentry","category-uncategorized"],"_links":{"self":[{"href":"https:\/\/fachschaft.arch.rwth-aachen.de\/index.php?rest_route=\/wp\/v2\/posts\/3630","targetHints":{"allow":["GET"]}}],"collection":[{"href":"https:\/\/fachschaft.arch.rwth-aachen.de\/index.php?rest_route=\/wp\/v2\/posts"}],"about":[{"href":"https:\/\/fachschaft.arch.rwth-aachen.de\/index.php?rest_route=\/wp\/v2\/types\/post"}],"author":[{"embeddable":true,"href":"https:\/\/fachschaft.arch.rwth-aachen.de\/index.php?rest_route=\/wp\/v2\/users\/3"}],"replies":[{"embeddable":true,"href":"https:\/\/fachschaft.arch.rwth-aachen.de\/index.php?rest_route=%2Fwp%2Fv2%2Fcomments&post=3630"}],"version-history":[{"count":0,"href":"https:\/\/fachschaft.arch.rwth-aachen.de\/index.php?rest_route=\/wp\/v2\/posts\/3630\/revisions"}],"wp:attachment":[{"href":"https:\/\/fachschaft.arch.rwth-aachen.de\/index.php?rest_route=%2Fwp%2Fv2%2Fmedia&parent=3630"}],"wp:term":[{"taxonomy":"category","embeddable":true,"href":"https:\/\/fachschaft.arch.rwth-aachen.de\/index.php?rest_route=%2Fwp%2Fv2%2Fcategories&post=3630"},{"taxonomy":"post_tag","embeddable":true,"href":"https:\/\/fachschaft.arch.rwth-aachen.de\/index.php?rest_route=%2Fwp%2Fv2%2Ftags&post=3630"}],"curies":[{"name":"wp","href":"https:\/\/api.w.org\/{rel}","templated":true}]}}