{"id":5213,"date":"2019-09-04T18:53:07","date_gmt":"2019-09-04T17:53:07","guid":{"rendered":"http:\/\/www.fs2.rwth-aachen.de\/?p=5213"},"modified":"2019-09-04T18:53:07","modified_gmt":"2019-09-04T17:53:07","slug":"hallo-erstis","status":"publish","type":"post","link":"https:\/\/fachschaft.arch.rwth-aachen.de\/?p=5213","title":{"rendered":"Hallo Erstis !"},"content":{"rendered":"<p>&nbsp;<\/p>\n<p>Die Fachschaft begr\u00fc\u00dft Euch !<\/p>\n<p>&nbsp;<\/p>\n<p>Damit Ihr direkt Anschluss findet, gibt es auf Facebook\u00a0 eine offizielle Erstsemestergruppe f\u00fcr alle Architektur Erstis. Diese findet Ihr \u00fcber das ESA Team auf Facebook oder in dem Ihr nach<\/p>\n<p id=\"seo_h1_tag\" class=\"_19s-\">&#8222;Architektur RWTH Aachen Erstsemester 2019\/2020&#8220; sucht.<\/p>\n<p class=\"_19s-\">Dort k\u00f6nnt Ihr euch gerne mit zuk\u00fcnftigen Kommilitonen austauschen, oder bei Fragen euch an Tutoren oder die Fachschaft wenden.<\/p>\n<p class=\"_19s-\">Das geht nat\u00fcrlich auch ohne Facebook \u00fcber unsere E-mail.<\/p>\n<p class=\"_19s-\"><span class=\"text_exposed_show\"><br \/>\nWir w\u00fcnschen euch ein spannendes Studium! Und freuen uns auf eine spannende Woche !<\/span><\/p>\n<p>&nbsp;<\/p>\n<p>Eure Fachschaft<\/p>\n<p>&nbsp;<\/p>\n<div style=\"width: 1186px\" class=\"wp-caption alignleft\"><img decoding=\"async\" class=\"size-large\" src=\"https:\/\/scontent-dus1-1.xx.fbcdn.net\/v\/t1.0-9\/70006152_2415842135163382_8426116709605179392_o.jpg?_nc_cat=110&amp;_nc_oc=AQnZ3KZzHdGstg_1IcnrHRN4ozcYZ4FTso7AXq1QJEZFIxzRiUMJ_B8GWHCVjunluFM&amp;_nc_ht=scontent-dus1-1.xx&amp;oh=f5d13c133161e77914473e65262e82aa&amp;oe=5E094080\" width=\"1176\" height=\"818\" \/><p class=\"wp-caption-text\">Vorl\u00e4ufiger Wochenplan f\u00fcr die Erstsemestereinf\u00fchrung WS 19\/20 &#8211; Architektur<\/p><\/div>\n","protected":false},"excerpt":{"rendered":"<p>&nbsp; Die Fachschaft begr\u00fc\u00dft Euch ! &nbsp; Damit Ihr direkt Anschluss findet, gibt es auf Facebook\u00a0 eine offizielle Erstsemestergruppe f\u00fcr alle Architektur Erstis. Diese findet Ihr \u00fcber das ESA Team auf Facebook oder in dem Ihr nach &#8222;Architektur RWTH Aachen Erstsemester 2019\/2020&#8220; sucht. Dort k\u00f6nnt Ihr euch gerne mit zuk\u00fcnftigen Kommilitonen austauschen, oder bei Fragen  [&#8230;]<\/p>\n","protected":false},"author":1,"featured_media":0,"comment_status":"open","ping_status":"open","sticky":false,"template":"","format":"standard","meta":{"footnotes":""},"categories":[157],"tags":[159,158,160],"class_list":["post-5213","post","type-post","status-publish","format-standard","hentry","category-news","tag-erstiwoche","tag-news","tag-wise19-20"],"_links":{"self":[{"href":"https:\/\/fachschaft.arch.rwth-aachen.de\/index.php?rest_route=\/wp\/v2\/posts\/5213","targetHints":{"allow":["GET"]}}],"collection":[{"href":"https:\/\/fachschaft.arch.rwth-aachen.de\/index.php?rest_route=\/wp\/v2\/posts"}],"about":[{"href":"https:\/\/fachschaft.arch.rwth-aachen.de\/index.php?rest_route=\/wp\/v2\/types\/post"}],"author":[{"embeddable":true,"href":"https:\/\/fachschaft.arch.rwth-aachen.de\/index.php?rest_route=\/wp\/v2\/users\/1"}],"replies":[{"embeddable":true,"href":"https:\/\/fachschaft.arch.rwth-aachen.de\/index.php?rest_route=%2Fwp%2Fv2%2Fcomments&post=5213"}],"version-history":[{"count":0,"href":"https:\/\/fachschaft.arch.rwth-aachen.de\/index.php?rest_route=\/wp\/v2\/posts\/5213\/revisions"}],"wp:attachment":[{"href":"https:\/\/fachschaft.arch.rwth-aachen.de\/index.php?rest_route=%2Fwp%2Fv2%2Fmedia&parent=5213"}],"wp:term":[{"taxonomy":"category","embeddable":true,"href":"https:\/\/fachschaft.arch.rwth-aachen.de\/index.php?rest_route=%2Fwp%2Fv2%2Fcategories&post=5213"},{"taxonomy":"post_tag","embeddable":true,"href":"https:\/\/fachschaft.arch.rwth-aachen.de\/index.php?rest_route=%2Fwp%2Fv2%2Ftags&post=5213"}],"curies":[{"name":"wp","href":"https:\/\/api.w.org\/{rel}","templated":true}]}}